{"id":1098,"date":"2021-06-10T09:37:46","date_gmt":"2021-06-10T09:37:46","guid":{"rendered":"https:\/\/legesenteretiflorvag.no\/?p=1098"},"modified":"2023-10-12T10:31:40","modified_gmt":"2023-10-12T10:31:40","slug":"johnson-johnson-janssen-vaksine","status":"publish","type":"post","link":"https:\/\/legesenteretiflorvag.no\/?p=1098","title":{"rendered":"Johnson &#038; Johnson\/Janssen-vaksine"},"content":{"rendered":"\t\t<div data-elementor-type=\"wp-post\" data-elementor-id=\"1098\" class=\"elementor elementor-1098\" data-elementor-settings=\"[]\">\n\t\t\t\t\t\t\t<div class=\"elementor-section-wrap\">\n\t\t\t\t\t\t\t<section class=\"elementor-section elementor-top-section elementor-element elementor-element-577d9c3f elementor-section-boxed elementor-section-height-default elementor-section-height-default\" data-id=\"577d9c3f\" data-element_type=\"section\">\n\t\t\t\t\t\t<div class=\"elementor-container elementor-column-gap-default\">\n\t\t\t\t\t<div class=\"elementor-column elementor-col-100 elementor-top-column elementor-element elementor-element-11f79ef7\" data-id=\"11f79ef7\" data-element_type=\"column\">\n\t\t\t<div class=\"elementor-widget-wrap elementor-element-populated\">\n\t\t\t\t\t\t\t\t<div class=\"elementor-element elementor-element-eaa7c41 elementor-widget elementor-widget-text-editor\" data-id=\"eaa7c41\" data-element_type=\"widget\" data-widget_type=\"text-editor.default\">\n\t\t\t\t<div class=\"elementor-widget-container\">\n\t\t\t\t\t<div class=\"elementor-text-editor elementor-clearfix\"><!-- wp:paragraph -->\n<p>Etter en medisinskfaglig vurdering har legesenteret i Florv\u00e5g konkludert med at vi <strong>ikke vil vaksinere med vaksine fra Johnson &amp; Johnson\/Janssen. <\/strong><\/p>\n<!-- \/wp:paragraph -->\n\n<!-- wp:paragraph -->\n<p>\u00c5rsaken til at vi velger vekk denne vaksinen er at sentrale helsemyndigheter<sup>1<\/sup> frar\u00e5der tilvalgsordningen for Janssen-vaksinen slik situasjonen i Norge er n\u00e5. Risikoen for de sjeldne men alvorlige bivirkningene<sup>2<\/sup> kan v\u00e6re st\u00f8rre enn fordelene ved \u00e5 la seg vaksinere for de som enn\u00e5 ikke har f\u00e5tt vaksine gjennom det ordin\u00e6re koronavaksinasjonsprogrammet.<\/p>\n<!-- \/wp:paragraph -->\n\n<!-- wp:paragraph -->\n<p>I l\u00f8pet av sommeren 2021 er det forventet at alle over 18 \u00e5r vil ha f\u00e5tt tilbud om f\u00f8rste dose mRNA-vaksine gjennom koronavaksinasjonsprogrammet, se&nbsp;<a href=\"https:\/\/www.fhi.no\/publ\/plakat\/vaksineringsscenario\/\">vaksinasjonskalender<\/a>.&nbsp;<\/p>\n<!-- \/wp:paragraph -->\n\n<!-- wp:paragraph {\"fontSize\":\"small\"} -->\n<p class=\"has-small-font-size\"><sup>1<\/sup>Etter anbefaling fra Folkehelseinstituttet besluttet regjeringen at Janssen-vaksinen ikke skal benyttes i det aktive koronavaksinasjonsprogrammet slik situasjonen er i Norge n\u00e5.&nbsp;Regjeringen&nbsp;besluttet&nbsp;at det bygges opp et beredskapslager&nbsp;av vaksinen&nbsp;og&nbsp;at det skal v\u00e6re&nbsp;en&nbsp;tilvalgsordning&nbsp;der personer etter individuell vurdering og veiledning hos lege kan vaksineres med Janssen-vaksine. Denne ordningen er ikke en del av koronavaksinasjonsprogrammet.&nbsp;COVID-19&nbsp;Vaccine&nbsp;Janssen er et reseptpliktig legemiddel som utenfor program kun kan rekvireres av lege. Legen m\u00e5&nbsp;da&nbsp;vurdere om det foreligger et&nbsp;positivt&nbsp;nytte-\/risikoforhold&nbsp;for den enkelte som \u00f8nsker COVID-19&nbsp;Vaccine&nbsp;Janssen, se&nbsp;<a href=\"https:\/\/www.helsedirektoratet.no\/veiledere\/koronavirus\/vaksiner-smittevernutstyr-og-legemidler\/koronavaksine-utenfor-vaksinasjonsprogrammet-janssen\">veiledning p\u00e5 Helsedirektoratets sider<\/a>&nbsp;<\/p>\n<!-- \/wp:paragraph -->\n\n<!-- wp:paragraph {\"fontSize\":\"small\"} -->\n<p class=\"has-small-font-size\"><sup>2<\/sup>Den europeiske sikkerhetskomiteen for legemiddeloverv\u00e5king hos EMA (PRAC), har gjennomf\u00f8rt en grundig utredning, og mener at tilfellene er sv\u00e6rt like de som er oppdaget etter vaksinasjon med AstraZeneca-vaksinen Vaxzevria, og anser en \u00e5rsakssammenheng som sannsynlig.<\/p>\n<!-- \/wp:paragraph --><\/div>\n\t\t\t\t<\/div>\n\t\t\t\t<\/div>\n\t\t\t\t\t<\/div>\n\t\t<\/div>\n\t\t\t\t\t\t\t<\/div>\n\t\t<\/section>\n\t\t\t\t\t\t<\/div>\n\t\t\t\t\t<\/div>\n\t\t","protected":false},"excerpt":{"rendered":"<p>Etter en medisinskfaglig vurdering har legesenteret i Florv\u00e5g konkludert med at vi ikke vil vaksinere med vaksine fra Johnson &amp; Johnson\/Janssen. \u00c5rsaken til at vi velger vekk denne vaksinen er at sentrale helsemyndigheter1 frar\u00e5der tilvalgsordningen for Janssen-vaksinen slik situasjonen i Norge er n\u00e5. Risikoen for de sjeldne men alvorlige bivirkningene2 kan v\u00e6re st\u00f8rre enn fordelene [&hellip;]<\/p>\n","protected":false},"author":1,"featured_media":0,"comment_status":"open","ping_status":"open","sticky":false,"template":"elementor_header_footer","format":"standard","meta":{"footnotes":""},"categories":[23],"tags":[22,12,13,14,8,11,15,16,20,21,19,18,17],"class_list":["post-1098","post","type-post","status-publish","format-standard","hentry","category-korona","tag-allmennlege","tag-askoy","tag-covid","tag-covid-19","tag-fastlege","tag-florvag","tag-jj","tag-johnsonjohnson","tag-kommune","tag-lege","tag-reservasjon","tag-vaccine","tag-vaksine","entry"],"_links":{"self":[{"href":"https:\/\/legesenteretiflorvag.no\/index.php?rest_route=\/wp\/v2\/posts\/1098","targetHints":{"allow":["GET"]}}],"collection":[{"href":"https:\/\/legesenteretiflorvag.no\/index.php?rest_route=\/wp\/v2\/posts"}],"about":[{"href":"https:\/\/legesenteretiflorvag.no\/index.php?rest_route=\/wp\/v2\/types\/post"}],"author":[{"embeddable":true,"href":"https:\/\/legesenteretiflorvag.no\/index.php?rest_route=\/wp\/v2\/users\/1"}],"replies":[{"embeddable":true,"href":"https:\/\/legesenteretiflorvag.no\/index.php?rest_route=%2Fwp%2Fv2%2Fcomments&post=1098"}],"version-history":[{"count":6,"href":"https:\/\/legesenteretiflorvag.no\/index.php?rest_route=\/wp\/v2\/posts\/1098\/revisions"}],"predecessor-version":[{"id":1214,"href":"https:\/\/legesenteretiflorvag.no\/index.php?rest_route=\/wp\/v2\/posts\/1098\/revisions\/1214"}],"wp:attachment":[{"href":"https:\/\/legesenteretiflorvag.no\/index.php?rest_route=%2Fwp%2Fv2%2Fmedia&parent=1098"}],"wp:term":[{"taxonomy":"category","embeddable":true,"href":"https:\/\/legesenteretiflorvag.no\/index.php?rest_route=%2Fwp%2Fv2%2Fcategories&post=1098"},{"taxonomy":"post_tag","embeddable":true,"href":"https:\/\/legesenteretiflorvag.no\/index.php?rest_route=%2Fwp%2Fv2%2Ftags&post=1098"}],"curies":[{"name":"wp","href":"https:\/\/api.w.org\/{rel}","templated":true}]}}